{"id":899,"date":"2010-05-24T16:01:46","date_gmt":"2010-05-24T15:01:46","guid":{"rendered":"http:\/\/?p=899"},"modified":"2010-05-24T16:01:46","modified_gmt":"2010-05-24T15:01:46","slug":"luis-salvador-de-austria-un-turista-de-lujo","status":"publish","type":"post","link":"https:\/\/mallorcarealtors.com\/es\/luis-salvador-de-austria-un-turista-de-lujo\/","title":{"rendered":"Luis Salvador of Austria, a \u201cluxury tourist\u201d"},"content":{"rendered":"<p><\/p>\n<p><p style=\"text-align: justify;\"><strong>Luis Salvador de Austria, un turista de lujo<\/strong><\/p>\n<p style=\"text-align: justify;\">Al ritmo de las mareas y dej\u00e1ndose mecer por las aguas del mar  Mediterr\u00e1neo, el yate Nixe se acercaba a la costa mallorquina. A bordo  se encontraba su due\u00f1o, el archiduque <strong>Luis Salvador de Austria<\/strong>,  un hombre amante de la naturaleza, aventurero y erudito. Debi\u00f3 ser al  atardecer, o en cualquier otro momento de un precioso d\u00eda soleado cuando  S\u00b4Arxiduc distingui\u00f3, a lo lejos, el paisaje que las tierras de <strong>Mallorca<\/strong> le ofrec\u00edan y que le hicieron objeto de su embrujo. Era el a\u00f1o 1867.<\/p>\n<p style=\"text-align: justify;\">Poco pod\u00edan imaginar los <strong>mallorquines<\/strong> que ese hombre, un noble, un  intelectual, que paseaba entre los olivos centenarios, que se deleitaba  con la mirada perdida en el mar fijada la vista en la agreste, rocosa y  m\u00e1gica pen\u00ednsula de <strong>Sa Foradada<\/strong> y que disfrutaba saliendo a  faenar con los pescadores del lugar, iba a ser el precursor del turismo  en la isla. S\u00b4Arxiduc, no lo dud\u00f3, su fascinaci\u00f3n por estas tierras le  llevaron a adquirir un gran n\u00famero de fincas mallorquinas. Algunas de  ellas hoy son Bien de Inter\u00e9s Cultural.<\/p>\n<p style=\"text-align: justify;\">Entre los las zonas monta\u00f1osas de <strong>Dei\u00e0<\/strong> i <strong>Valldemossa<\/strong>,  Luis Salvador de Austria compr\u00f3 varias mansiones costeras, pero nos  centraremos en dos de ellas.<\/p>\n<p style=\"text-align: justify;\"><strong>SON MARROIG<\/strong>, de las m\u00e1s bellas y paradis\u00edacas adquisiciones  que hizo, es uno de los miradores privilegiados de la costa mallorquina,  situado en el t\u00e9rmino municipal de Dei\u00e0. Desde \u00e9l se puede contemplar  la pl\u00e1cida calma del Mediterr\u00e1neo al atardecer o la paradis\u00edaca belleza  del sol destellando en las gotas de mar que cubren la roca de Sa  Foradada. Cuando Luis Salvador de Austria adquiri\u00f3 la finca \u00e9sta contaba  con 68 hect\u00e1reas que inclu\u00edan la roca llamada La Foradada por el  agujero que la caprichosa naturaleza form\u00f3 en ella. Uno de los elementos  arquitect\u00f3nicos que m\u00e1s llaman la atenci\u00f3n de Son Marroig es la torre  de defensa que proteg\u00eda las casas de los ataques de los corsarios. El  Archiduque rehabilit\u00f3 la finca dot\u00e1ndola de amplios ventanales  procedentes de un edificio en ruinas y ampli\u00f3 el lateral noroeste. El  conjunto sigue el estilo de la regi\u00f3n de <strong>Mallorca<\/strong> aunque con influencias  italianizantes. No podemos hablar de Son Marroig sin mencionar su  famoso mirador. Se trata de un peque\u00f1o templo de m\u00e1rmol de Carrara. El  mirador, situado en lugar estrat\u00e9gico de la finca, proporciona una  sensaci\u00f3n de majestuosa paz.<\/p>\n<p style=\"text-align: justify;\">\n<p style=\"text-align: justify;\">Vecina a Son Marroig, en el t\u00e9rmino municipal de Valldemossa,  encontramos la finca de <strong>MIRAMAR<\/strong>. La residencia inclu\u00eda el  Monasterio de Miramar, construido en 1276 a petici\u00f3n de Ramon Llull para  la ense\u00f1anza de lenguas orientales. Es en esta finca donde S\u00b4Arxiduc  recibe a todas sus amistades, desde donde les muestra la belleza de la  isla que le enamor\u00f3. Sus amigos e invitados a Miramar son considerados  los primeros turistas de <strong>Mallorca<\/strong>. Su amiga y emperatriz, Siss\u00ed, por  ejemplo, lleg\u00f3 a ser habitual en sus visitas a la isla. Miramar dispon\u00eda  de una aut\u00e9ntica \u201ctafona\u201d, molino de aceite, y el Archiduque  reconstruy\u00f3 la biblioteca, el sal\u00f3n de actos, la Torre del Moro y el  mirador que ofrece maravillosas vistas al mar. Bajando al puerto de  Valldemossa, a nuestra izquierda, encontramos la mansi\u00f3n <strong>S\u00b4Estaca<\/strong>,  el que fue hogar de la amante del Archiduque y que hoy es propiedad de  Michael Douglas y su ex esposa Diandra.<\/p>\n<p style=\"text-align: justify;\">Luis Salvador de Austria, fue un <strong>turista de lujo<\/strong> para la isla pero  tambi\u00e9n un aut\u00e9ntico amante de la misma. Poseedor de las mejores fincas  nunca cerr\u00f3 sus caminos, sino que los abri\u00f3 para el goce de los  caminantes; no cerr\u00f3 sus puertas, las abri\u00f3 a todo aquel que quisiera  disfrutar de la calma, la belleza y la exquisitez de la <strong>isla de  Mallorca<\/strong>.<\/p>\n<p style=\"text-align: justify;\"><strong> <\/strong><\/p>\n<p style=\"text-align: justify;\"><strong> <\/strong><\/p>\n<\/p>\n<p><\/p>","protected":false},"excerpt":{"rendered":"<p>Luis Salvador de Austria, un turista de lujo Al ritmo de las mareas y dej\u00e1ndose mecer por las aguas del mar Mediterr\u00e1neo, el yate Nixe se acercaba a la costa mallorquina. A bordo se encontraba su due\u00f1o, el archiduque Luis Salvador de Austria, un hombre amante de la naturaleza, aventurero y erudito. Debi\u00f3 ser al [&hellip;]<\/p>\n","protected":false},"author":1,"featured_media":0,"comment_status":"closed","ping_status":"open","sticky":false,"template":"","format":"standard","meta":{"_acf_changed":false,"_joinchat":[],"footnotes":""},"categories":[1],"tags":[],"class_list":["post-899","post","type-post","status-publish","format-standard","hentry","category-sin-categoria"],"acf":[],"aioseo_notices":[],"_links":{"self":[{"href":"https:\/\/mallorcarealtors.com\/es\/wp-json\/wp\/v2\/posts\/899","targetHints":{"allow":["GET"]}}],"collection":[{"href":"https:\/\/mallorcarealtors.com\/es\/wp-json\/wp\/v2\/posts"}],"about":[{"href":"https:\/\/mallorcarealtors.com\/es\/wp-json\/wp\/v2\/types\/post"}],"author":[{"embeddable":true,"href":"https:\/\/mallorcarealtors.com\/es\/wp-json\/wp\/v2\/users\/1"}],"replies":[{"embeddable":true,"href":"https:\/\/mallorcarealtors.com\/es\/wp-json\/wp\/v2\/comments?post=899"}],"version-history":[{"count":0,"href":"https:\/\/mallorcarealtors.com\/es\/wp-json\/wp\/v2\/posts\/899\/revisions"}],"wp:attachment":[{"href":"https:\/\/mallorcarealtors.com\/es\/wp-json\/wp\/v2\/media?parent=899"}],"wp:term":[{"taxonomy":"category","embeddable":true,"href":"https:\/\/mallorcarealtors.com\/es\/wp-json\/wp\/v2\/categories?post=899"},{"taxonomy":"post_tag","embeddable":true,"href":"https:\/\/mallorcarealtors.com\/es\/wp-json\/wp\/v2\/tags?post=899"}],"curies":[{"name":"wp","href":"https:\/\/api.w.org\/{rel}","templated":true}]}}