{"id":6215,"date":"2012-09-24T17:00:11","date_gmt":"2012-09-24T16:00:11","guid":{"rendered":"http:\/\/www.mallorcarealtors.com\/?p=6215"},"modified":"2012-09-24T17:00:11","modified_gmt":"2012-09-24T16:00:11","slug":"a-luxury-home-in-palma-a-safe-bet","status":"publish","type":"post","link":"https:\/\/mallorcarealtors.com\/es\/a-luxury-home-in-palma-a-safe-bet\/","title":{"rendered":"A luxury home in Palma, a safe bet"},"content":{"rendered":"<p><strong><a href=\"https:\/\/mallorcarealtors.com\/wp-content\/uploads\/Casa-de-lujo-en-Palma-una-apuesta-segura.jpg\" data-rel=\"lightbox-image-0\" data-rl_title=\"\" data-rl_caption=\"\"><img loading=\"lazy\" decoding=\"async\" class=\"alignleft size-thumbnail wp-image-6219\" title=\"\" src=\"https:\/\/mallorcarealtors.com\/wp-content\/uploads\/Casa-de-lujo-en-Palma-una-apuesta-segura-150x150.jpg\" alt=\"A luxury home in Palma\" width=\"150\" height=\"150\" \/><\/a>24 de septiembre de 2012.<\/strong> Durante el mes de septiembre, Palma de Mallorca ha sido uno de los destinos m\u00e1s buscados del mundo por los espa\u00f1oles para pasar unos d\u00edas de vacaciones. La capital de la isla tiene todo lo que cualquiera pueda desear, por lo que no es una sorpresa que Palma sea un a\u00f1o m\u00e1s uno de los lugares preferidos para disfrutar de unos d\u00edas de relax y diversi\u00f3n lejos de la vida diaria.<\/p>\n<p>La isla se ha posicionado en el top ten mundial de ciudades preferidas para pasar unos d\u00edas de vacaciones, en parte gracias a su combinaci\u00f3n de oferta cultural y actividades l\u00fadicas. La semana pasada se celebr\u00f3 la Nit de l\u2019Art, una velada en la que el arte toma las calles del casco antiguo de la ciudad.\u00a0 Y a\u00fan es posible visitar los famosos Guerreros de Xian.<\/p>\n<p>Si a una oferta cultural como esta se le a\u00f1ade una magn\u00edfica oferta gastron\u00f3mica y los locales m\u00e1s exclusivos, no es de extra\u00f1ar que la capital de la isla sea uno de los destinos m\u00e1s buscados para comprar <strong>casas de lujo en Mallorca<\/strong>. Los compradores m\u00e1s exigentes encontrar\u00e1n en ella no solo viviendas de primera calidad, sino unos servicios y oferta de ocio de primer nivel.<\/p>\n<p>Restaurantes, terrazas, spas, parques, puertos deportivos o simplemente rincones aislados del mundo, y todo en la mayor exclusividad que brinda Mallorca. Un aut\u00e9ntico para\u00edso para los amantes del verdadero lujo.<\/p>","protected":false},"excerpt":{"rendered":"<p>24 de septiembre de 2012. Durante el mes de septiembre, Palma de Mallorca ha sido uno de los destinos m\u00e1s buscados del mundo por los espa\u00f1oles para pasar unos d\u00edas de vacaciones. La capital de la isla tiene todo lo que cualquiera pueda desear, por lo que no es una sorpresa que Palma sea un [&hellip;]<\/p>\n","protected":false},"author":1,"featured_media":0,"comment_status":"closed","ping_status":"open","sticky":false,"template":"","format":"standard","meta":{"_acf_changed":false,"_joinchat":[],"footnotes":""},"categories":[1],"tags":[],"class_list":["post-6215","post","type-post","status-publish","format-standard","hentry","category-sin-categoria"],"acf":[],"aioseo_notices":[],"_links":{"self":[{"href":"https:\/\/mallorcarealtors.com\/es\/wp-json\/wp\/v2\/posts\/6215","targetHints":{"allow":["GET"]}}],"collection":[{"href":"https:\/\/mallorcarealtors.com\/es\/wp-json\/wp\/v2\/posts"}],"about":[{"href":"https:\/\/mallorcarealtors.com\/es\/wp-json\/wp\/v2\/types\/post"}],"author":[{"embeddable":true,"href":"https:\/\/mallorcarealtors.com\/es\/wp-json\/wp\/v2\/users\/1"}],"replies":[{"embeddable":true,"href":"https:\/\/mallorcarealtors.com\/es\/wp-json\/wp\/v2\/comments?post=6215"}],"version-history":[{"count":0,"href":"https:\/\/mallorcarealtors.com\/es\/wp-json\/wp\/v2\/posts\/6215\/revisions"}],"wp:attachment":[{"href":"https:\/\/mallorcarealtors.com\/es\/wp-json\/wp\/v2\/media?parent=6215"}],"wp:term":[{"taxonomy":"category","embeddable":true,"href":"https:\/\/mallorcarealtors.com\/es\/wp-json\/wp\/v2\/categories?post=6215"},{"taxonomy":"post_tag","embeddable":true,"href":"https:\/\/mallorcarealtors.com\/es\/wp-json\/wp\/v2\/tags?post=6215"}],"curies":[{"name":"wp","href":"https:\/\/api.w.org\/{rel}","templated":true}]}}