{"id":5994,"date":"2012-07-09T20:00:08","date_gmt":"2012-07-09T19:00:08","guid":{"rendered":"http:\/\/www.mallorcarealtors.com\/?p=5994"},"modified":"2012-07-09T20:00:08","modified_gmt":"2012-07-09T19:00:08","slug":"enjoy-the-kings-sailing-cup-regatta-in-majorca","status":"publish","type":"post","link":"https:\/\/mallorcarealtors.com\/es\/enjoy-the-kings-sailing-cup-regatta-in-majorca\/","title":{"rendered":"Enjoy the King\u00b4s Sailing Cup Regatta in Majorca"},"content":{"rendered":"<p><strong><a href=\"https:\/\/mallorcarealtors.com\/wp-content\/uploads\/regata-copa-del-rey-mallorca-realtors-exclusive-properties.jpg\" data-rel=\"lightbox-image-0\" data-rl_title=\"\" data-rl_caption=\"\"><img loading=\"lazy\" decoding=\"async\" class=\"alignleft size-thumbnail wp-image-5997\" title=\"\" src=\"https:\/\/mallorcarealtors.com\/wp-content\/uploads\/regata-copa-del-rey-mallorca-realtors-exclusive-properties-150x150.jpg\" alt=\"Regata Copa del Rey en Mallorca 2012\" width=\"150\" height=\"150\" \/><\/a>9 de julio de 2012.<\/strong> Como cada a\u00f1o, la isla de <strong>Mallorca<\/strong> se pone sus mejores galas para celebrar uno de los acontecimientos m\u00e1s importantes de la temporada estival, la Copa del Rey de vela. Entre el 16 y el 21 de julio, la isla balear se convertir\u00e1 en uno de los centros mundiales del deporte acu\u00e1tico y en el foco de atenci\u00f3n de deportistas, empresarios y personajes que se dar\u00e1n cita cada d\u00eda en el Real Club N\u00e1utico de la capital.<\/p>\n<p>En su trig\u00e9simo primera edici\u00f3n, la <strong>Copa del Rey<\/strong> se ha adelantado quince d\u00edas a su fecha habitual debido a la celebraci\u00f3n de los Juegos Ol\u00edmpicos en Londres. Pero ello no restar\u00e1 importancia al evento, que durante una semana dar\u00e1 a conocer toda la belleza y las posibilidades que ofrece una isla como Mallorca.<\/p>\n<p>Uno de los refugios preferidos por personajes nacionales e internacionales, todos ellos buscan disfrutar de la isla y de su amplia oferta de actividades de ocio y diversi\u00f3n en el entorno m\u00e1s exclusivo. Y uno de los primeros pasos para zambullirse en el esp\u00edritu balear es encontrar una <strong>casa de lujo<\/strong> en Mallorca.<\/p>\n<p>La Copa del Rey de Vela es solo una excusa para desplazarte a Mallorca y no solo disfrutar de una de las competiciones deportivas n\u00e1uticas de m\u00e1s alto nivel del Mediterr\u00e1neo, sino para dejarte enamorar por la isla y por todos sus encantos por descubrir.<\/p>","protected":false},"excerpt":{"rendered":"<p>9 de julio de 2012. Como cada a\u00f1o, la isla de Mallorca se pone sus mejores galas para celebrar uno de los acontecimientos m\u00e1s importantes de la temporada estival, la Copa del Rey de vela. Entre el 16 y el 21 de julio, la isla balear se convertir\u00e1 en uno de los centros mundiales del [&hellip;]<\/p>\n","protected":false},"author":1,"featured_media":0,"comment_status":"closed","ping_status":"open","sticky":false,"template":"","format":"standard","meta":{"_acf_changed":false,"_joinchat":[],"footnotes":""},"categories":[1],"tags":[],"class_list":["post-5994","post","type-post","status-publish","format-standard","hentry","category-sin-categoria"],"acf":[],"aioseo_notices":[],"_links":{"self":[{"href":"https:\/\/mallorcarealtors.com\/es\/wp-json\/wp\/v2\/posts\/5994","targetHints":{"allow":["GET"]}}],"collection":[{"href":"https:\/\/mallorcarealtors.com\/es\/wp-json\/wp\/v2\/posts"}],"about":[{"href":"https:\/\/mallorcarealtors.com\/es\/wp-json\/wp\/v2\/types\/post"}],"author":[{"embeddable":true,"href":"https:\/\/mallorcarealtors.com\/es\/wp-json\/wp\/v2\/users\/1"}],"replies":[{"embeddable":true,"href":"https:\/\/mallorcarealtors.com\/es\/wp-json\/wp\/v2\/comments?post=5994"}],"version-history":[{"count":0,"href":"https:\/\/mallorcarealtors.com\/es\/wp-json\/wp\/v2\/posts\/5994\/revisions"}],"wp:attachment":[{"href":"https:\/\/mallorcarealtors.com\/es\/wp-json\/wp\/v2\/media?parent=5994"}],"wp:term":[{"taxonomy":"category","embeddable":true,"href":"https:\/\/mallorcarealtors.com\/es\/wp-json\/wp\/v2\/categories?post=5994"},{"taxonomy":"post_tag","embeddable":true,"href":"https:\/\/mallorcarealtors.com\/es\/wp-json\/wp\/v2\/tags?post=5994"}],"curies":[{"name":"wp","href":"https:\/\/api.w.org\/{rel}","templated":true}]}}