{"id":4142,"date":"2011-10-06T21:56:44","date_gmt":"2011-10-06T20:56:44","guid":{"rendered":"http:\/\/www.mallorcarealtors.com\/?p=4142"},"modified":"2011-10-06T21:56:44","modified_gmt":"2011-10-06T20:56:44","slug":"propiedad-lujo-mallorca-luxury-property-luxus-immobilie-majorca-%d1%80%d0%be%d1%81%d0%ba%d0%be%d1%88%d0%bd%d0%be%d0%b5-%d0%b7%d0%b4%d0%b0%d0%bd%d0%b8%d0%b5","status":"publish","type":"post","link":"https:\/\/mallorcarealtors.com\/es\/propiedad-lujo-mallorca-luxury-property-luxus-immobilie-majorca-%d1%80%d0%be%d1%81%d0%ba%d0%be%d1%88%d0%bd%d0%be%d0%b5-%d0%b7%d0%b4%d0%b0%d0%bd%d0%b8%d0%b5\/","title":{"rendered":"Luxury property in Mallorca &#8211; Cap Andrixtol"},"content":{"rendered":"<p><a rel=\"attachment wp-att-4146\" href=\"https:\/\/mallorcarealtors.com\/propiedad-lujo-mallorca-luxury-property-luxus-immobilie-majorca-%d1%80%d0%be%d1%81%d0%ba%d0%be%d1%88%d0%bd%d0%be%d0%b5-%d0%b7%d0%b4%d0%b0%d0%bd%d0%b8%d0%b5\/cap-andrixtol\/\"><img loading=\"lazy\" decoding=\"async\" class=\"alignleft size-full wp-image-4146\" title=\"Cap-Andrixtol\" src=\"https:\/\/mallorcarealtors.com\/wp-content\/uploads\/Cap-Andrixtol.jpg\" alt=\"\" width=\"187\" height=\"222\" \/>Igual que <\/a><a href=\"https:\/\/mallorcarealtors.com\/finca-lujo-mallorca-luxury-country-house-luxus-herrenhaus-\u0444\u0438\u043d\u043a\u0430-\u043c\u0430\u043b\u043b\u043e\u0440\u043a\u0430-\u0440\u043e\u0441\u043a\u043e\u0448\u0438\/\">Michael Douglas<\/a>, la modelo alemana Claudia Schiffer ha vivido en <strong>Mallorca<\/strong> desde su infancia, ya que sus padres pose\u00edan una casa en la isla.\u00a0Ya famosa, Claudia Schiffer compr\u00f3 una mansi\u00f3n en Camp de Mar, y luego en 1998 compr\u00f3 una <strong>lujosa finca r\u00fastica<\/strong> en Cap Andrixtol que inclu\u00eda una antigua torre del siglo 16.<\/p>\n<p>La alemana construy\u00f3 una gran casa en la <strong>propiedad de lujo<\/strong>, incluido un muro para protegerse de los fot\u00f3grafos que la acosaban. El problema fue que debido al car\u00e1cter de inter\u00e9s cultural de la torre de vigilancia, Claudia Schiffer fue obligada a permitir su libre acceso.<\/p>\n<p>Finalmente la modelo vendi\u00f3 su <strong>propiedad de lujo<\/strong>, conservando su mansi\u00f3n de Camp de Mar, donde vive durante sus temporadas de descanso.<\/p>","protected":false},"excerpt":{"rendered":"<p>Igual que Michael Douglas, la modelo alemana Claudia Schiffer ha vivido en Mallorca desde su infancia, ya que sus padres pose\u00edan una casa en la isla.\u00a0Ya famosa, Claudia Schiffer compr\u00f3 una mansi\u00f3n en Camp de Mar, y luego en 1998 compr\u00f3 una lujosa finca r\u00fastica en Cap Andrixtol que inclu\u00eda una antigua torre del siglo [&hellip;]<\/p>\n","protected":false},"author":4,"featured_media":0,"comment_status":"closed","ping_status":"open","sticky":false,"template":"","format":"standard","meta":{"_acf_changed":false,"_joinchat":[],"footnotes":""},"categories":[1],"tags":[],"class_list":["post-4142","post","type-post","status-publish","format-standard","hentry","category-sin-categoria"],"acf":[],"aioseo_notices":[],"_links":{"self":[{"href":"https:\/\/mallorcarealtors.com\/es\/wp-json\/wp\/v2\/posts\/4142","targetHints":{"allow":["GET"]}}],"collection":[{"href":"https:\/\/mallorcarealtors.com\/es\/wp-json\/wp\/v2\/posts"}],"about":[{"href":"https:\/\/mallorcarealtors.com\/es\/wp-json\/wp\/v2\/types\/post"}],"author":[{"embeddable":true,"href":"https:\/\/mallorcarealtors.com\/es\/wp-json\/wp\/v2\/users\/4"}],"replies":[{"embeddable":true,"href":"https:\/\/mallorcarealtors.com\/es\/wp-json\/wp\/v2\/comments?post=4142"}],"version-history":[{"count":0,"href":"https:\/\/mallorcarealtors.com\/es\/wp-json\/wp\/v2\/posts\/4142\/revisions"}],"wp:attachment":[{"href":"https:\/\/mallorcarealtors.com\/es\/wp-json\/wp\/v2\/media?parent=4142"}],"wp:term":[{"taxonomy":"category","embeddable":true,"href":"https:\/\/mallorcarealtors.com\/es\/wp-json\/wp\/v2\/categories?post=4142"},{"taxonomy":"post_tag","embeddable":true,"href":"https:\/\/mallorcarealtors.com\/es\/wp-json\/wp\/v2\/tags?post=4142"}],"curies":[{"name":"wp","href":"https:\/\/api.w.org\/{rel}","templated":true}]}}