{"id":12651,"date":"2018-07-31T07:33:28","date_gmt":"2018-07-31T07:33:28","guid":{"rendered":"https:\/\/mallorcarealtors.com\/?p=12651"},"modified":"2018-07-31T07:33:28","modified_gmt":"2018-07-31T07:33:28","slug":"brut-restaurant-in-llubi-an-unexpected-surprise","status":"publish","type":"post","link":"https:\/\/mallorcarealtors.com\/es\/brut-restaurant-in-llubi-an-unexpected-surprise\/","title":{"rendered":"Brut restaurante en Llubi, sorprendente e inesperado"},"content":{"rendered":"<p>31.7.2018 Cuando pasas vacaciones o resides en la isla de <strong>Mallorca<\/strong> sabes que encontrar\u00e1s las mejores playas del Mediterr\u00e1neo, gente estupenda y paisajes sorprendentes. Pero, \u00bfy si adem\u00e1s te encuentras con una gastronom\u00eda llena de variedades y un restaurante inesperado?. \u00a1Pues ah\u00ed estamos!. En Llub\u00ed, un bonito pueblo del centro \u2013 norte de Mallorca, tenemos una oferta gastron\u00f3mica de <strong>lujo<\/strong>. <strong>Brut<\/strong> abri\u00f3 sus puertas hace un a\u00f1o en <strong>Llub\u00ed<\/strong>. Sus creadores de origen brasile\u00f1o y argentino te ofrecen cada noche un men\u00fa inesperado de texturas y sabores, amenizado con cervezas de creaci\u00f3n propia y una buena carta de vinos. No te contamos m\u00e1s para que descubras por ti mismo, solo te avisamos que debes reservar: +34 971 188 231.<\/p>","protected":false},"excerpt":{"rendered":"<p>31.7.2018 Cuando pasas vacaciones o resides en la isla de Mallorca sabes que encontrar\u00e1s las mejores playas del Mediterr\u00e1neo, gente estupenda y paisajes sorprendentes. Pero, \u00bfy si adem\u00e1s te encuentras con una gastronom\u00eda llena de variedades y un restaurante inesperado?. \u00a1Pues ah\u00ed estamos!. En Llub\u00ed, un bonito pueblo del centro \u2013 norte de Mallorca, tenemos [&hellip;]<\/p>\n","protected":false},"author":2,"featured_media":12653,"comment_status":"open","ping_status":"open","sticky":false,"template":"","format":"standard","meta":{"_acf_changed":false,"_joinchat":[],"footnotes":""},"categories":[1],"tags":[],"class_list":["post-12651","post","type-post","status-publish","format-standard","has-post-thumbnail","hentry","category-sin-categoria"],"acf":[],"aioseo_notices":[],"_links":{"self":[{"href":"https:\/\/mallorcarealtors.com\/es\/wp-json\/wp\/v2\/posts\/12651","targetHints":{"allow":["GET"]}}],"collection":[{"href":"https:\/\/mallorcarealtors.com\/es\/wp-json\/wp\/v2\/posts"}],"about":[{"href":"https:\/\/mallorcarealtors.com\/es\/wp-json\/wp\/v2\/types\/post"}],"author":[{"embeddable":true,"href":"https:\/\/mallorcarealtors.com\/es\/wp-json\/wp\/v2\/users\/2"}],"replies":[{"embeddable":true,"href":"https:\/\/mallorcarealtors.com\/es\/wp-json\/wp\/v2\/comments?post=12651"}],"version-history":[{"count":1,"href":"https:\/\/mallorcarealtors.com\/es\/wp-json\/wp\/v2\/posts\/12651\/revisions"}],"predecessor-version":[{"id":12652,"href":"https:\/\/mallorcarealtors.com\/es\/wp-json\/wp\/v2\/posts\/12651\/revisions\/12652"}],"wp:featuredmedia":[{"embeddable":true,"href":"https:\/\/mallorcarealtors.com\/es\/wp-json\/wp\/v2\/media\/12653"}],"wp:attachment":[{"href":"https:\/\/mallorcarealtors.com\/es\/wp-json\/wp\/v2\/media?parent=12651"}],"wp:term":[{"taxonomy":"category","embeddable":true,"href":"https:\/\/mallorcarealtors.com\/es\/wp-json\/wp\/v2\/categories?post=12651"},{"taxonomy":"post_tag","embeddable":true,"href":"https:\/\/mallorcarealtors.com\/es\/wp-json\/wp\/v2\/tags?post=12651"}],"curies":[{"name":"wp","href":"https:\/\/api.w.org\/{rel}","templated":true}]}}