{"id":6443,"date":"2012-11-26T15:53:48","date_gmt":"2012-11-26T14:53:48","guid":{"rendered":"http:\/\/www.mallorcarealtors.com\/?p=6443"},"modified":"2016-03-17T16:02:26","modified_gmt":"2016-03-17T16:02:26","slug":"your-gate-to-mallorca","status":"publish","type":"post","link":"https:\/\/mallorcarealtors.com\/de\/your-gate-to-mallorca\/","title":{"rendered":"Your gate to Mallorca"},"content":{"rendered":"<p><strong>26. November 2012<\/strong>. Der Haupteingang nach Mallorca ist nach wie vor der internationale Flughafen Son Sant Joan. Jedes Jahr landen mehr als 22 Millionen Passagiere auf diesem gr\u00f6\u00dften Airport der <strong>Balearen<\/strong>.<\/p>\n<p>Inzwischen ist er einer der bedeutendsten Flugh\u00e4fen ganz Spaniens, auf dem G\u00e4ste aus allen Ecken des Landes und ganz Europas ankommen. Die meisten Passagiere kommen dabei im St\u00e4dtevergleich aus dem deutschen D\u00fcsseldorf und Manchester im Norden Englands.<\/p>\n<p>Da auf Mallorca am Flughafen der Service gro\u00df geschrieben wird \u2013 es gibt zwei abgeschlossene <strong>VIP<\/strong>-Bereiche mit Angeboten internationaler Presse, Fernsehen und Catering \u2013 und man ein erstklassiges Einkaufs- und Gastronomieangebot findet, wurde er sogar pr\u00e4miert. Er erhielt vom Airports Council International (ACI), dem f\u00fchrenden internationalen Dachverband der Flughafenbetreiber, die Auszeichnung \u201eBest Improvement\u201c verliehen. Damit wurde vor allem die Zufriedenheit der Passagiere im Vergleich zum Vorjahr bewertet, die noch einmal gestiegen ist.<\/p>\n<p>In seinem Bestreben, seinen G\u00e4sten nur den besten Service zu bieten, wurde nun die zweite Phase der Erweiterung und Modernisierung der Installationen begonnen, die sich \u00fcber die n\u00e4chsten Monate bis zu ihrer Fertigstellung hinziehen wird. Und so gibt es auch in Zukunft nicht nur beste Hotels, wundersch\u00f6ne Landschaften und <strong>exklusivste H\u00e4user<\/strong> auf Mallorca; dem Gast wird bereits bei seiner Ankunft, wenn er seinen ersten Schritt auf die Insel macht, bis ins Detail nur das Beste geboten.<\/p>","protected":false},"excerpt":{"rendered":"<p>26. November 2012. Der Haupteingang nach Mallorca ist nach wie vor der internationale Flughafen Son Sant Joan. Jedes Jahr landen mehr als 22 Millionen Passagiere auf diesem gr\u00f6\u00dften Airport der Balearen. Inzwischen ist er einer der bedeutendsten Flugh\u00e4fen ganz Spaniens, auf dem G\u00e4ste aus allen Ecken des Landes und ganz Europas ankommen. Die meisten Passagiere [&hellip;]<\/p>\n","protected":false},"author":1,"featured_media":10704,"comment_status":"closed","ping_status":"open","sticky":false,"template":"","format":"standard","meta":{"_acf_changed":false,"_joinchat":[],"footnotes":""},"categories":[1],"tags":[],"class_list":["post-6443","post","type-post","status-publish","format-standard","has-post-thumbnail","hentry","category-sin-categoria"],"acf":[],"aioseo_notices":[],"_links":{"self":[{"href":"https:\/\/mallorcarealtors.com\/de\/wp-json\/wp\/v2\/posts\/6443","targetHints":{"allow":["GET"]}}],"collection":[{"href":"https:\/\/mallorcarealtors.com\/de\/wp-json\/wp\/v2\/posts"}],"about":[{"href":"https:\/\/mallorcarealtors.com\/de\/wp-json\/wp\/v2\/types\/post"}],"author":[{"embeddable":true,"href":"https:\/\/mallorcarealtors.com\/de\/wp-json\/wp\/v2\/users\/1"}],"replies":[{"embeddable":true,"href":"https:\/\/mallorcarealtors.com\/de\/wp-json\/wp\/v2\/comments?post=6443"}],"version-history":[{"count":1,"href":"https:\/\/mallorcarealtors.com\/de\/wp-json\/wp\/v2\/posts\/6443\/revisions"}],"predecessor-version":[{"id":10705,"href":"https:\/\/mallorcarealtors.com\/de\/wp-json\/wp\/v2\/posts\/6443\/revisions\/10705"}],"wp:featuredmedia":[{"embeddable":true,"href":"https:\/\/mallorcarealtors.com\/de\/wp-json\/wp\/v2\/media\/10704"}],"wp:attachment":[{"href":"https:\/\/mallorcarealtors.com\/de\/wp-json\/wp\/v2\/media?parent=6443"}],"wp:term":[{"taxonomy":"category","embeddable":true,"href":"https:\/\/mallorcarealtors.com\/de\/wp-json\/wp\/v2\/categories?post=6443"},{"taxonomy":"post_tag","embeddable":true,"href":"https:\/\/mallorcarealtors.com\/de\/wp-json\/wp\/v2\/tags?post=6443"}],"curies":[{"name":"wp","href":"https:\/\/api.w.org\/{rel}","templated":true}]}}