{"id":6089,"date":"2012-08-13T19:23:40","date_gmt":"2012-08-13T18:23:40","guid":{"rendered":"http:\/\/www.mallorcarealtors.com\/?p=6089"},"modified":"2012-08-13T19:23:40","modified_gmt":"2012-08-13T18:23:40","slug":"your-hideout-is-in-palma-de-mallorca","status":"publish","type":"post","link":"https:\/\/mallorcarealtors.com\/de\/your-hideout-is-in-palma-de-mallorca\/","title":{"rendered":"Your hideout is in Palma de Mallorca"},"content":{"rendered":"<p><strong><a href=\"https:\/\/mallorcarealtors.com\/wp-content\/uploads\/Your-hideout-is-in-Palma-de-Mallorca.jpg\" data-rel=\"lightbox-image-0\" data-rl_title=\"\" data-rl_caption=\"\"><img loading=\"lazy\" decoding=\"async\" class=\"alignleft size-thumbnail wp-image-6097\" title=\"\" src=\"https:\/\/mallorcarealtors.com\/wp-content\/uploads\/Your-hideout-is-in-Palma-de-Mallorca-150x150.jpg\" alt=\"Mallorca, das perfekte Versteck f\u00fcr Sie!\" width=\"150\" height=\"150\" \/><\/a>13. August 2012<\/strong> \u2013 Mallorca ist das Synonym f\u00fcr Entspannung, um sich zu verstecken, f\u00fcr Luxus und f\u00fcr Sommer. Jedes Jahr kommen Millionen Besucher auf die gr\u00f6\u00dfte Insel der Balearen, damit sie dort \u00a0finden, wonach sie sich im Alltag sehnen. Manche von ihnen sind so angetan, dass sie sich entscheiden zu bleiben, sei es immer wieder zeitweise oder sogar langfristig.<\/p>\n<p>Normalerweise steht Zur\u00fcckgezogenheit ganz oben auf der Wunschliste von Interessenten an Luxusimmobilien auf Mallorca, damit sie sich ungest\u00f6rt sich\u00a0 selbst widmen k\u00f6nnen. Doch gibt es auch einige, die sogar im Urlaub das pulsierende Stadtleben bevorzugen. <strong>Palma de Mallorca<\/strong> gilt als pr\u00e4destiniert daf\u00fcr, denn mit ein wenig mehr als 400.000 Einwohnern handelt es sich um eine Gro\u00dfstadt und dass, ohne das Flair des mediterranen Insellebens vermissen zu lassen.<\/p>\n<p>Ruhe und Privatsph\u00e4re gibt es auch hier: In der Inselhauptstadt lassen sich dort, wo Sie es nicht erwarten, wahre Perlen entdecken: authentische <strong>Luxush\u00e4user<\/strong>, <strong>restaurierte Pal\u00e4ste<\/strong>, Industrie-Lofts oder <strong>Villen<\/strong>, nur um einige Beispiele zu nennen.<\/p>\n<p>Palma de Mallorca ist der perfekte Ort, wo Sie das gew\u00fcnschte Refugium als Versteck vor dem Alltag zu finden k\u00f6nnen. Die Kombination aus wundersch\u00f6nen Bauwerken und alter Geschichte mit allen luxuri\u00f6sen Annehmlichkeiten l\u00e4sst diese Stadt ein unverwechselbares Ziel f\u00fcr Immobilieninteressenten sein, die sich alle W\u00fcnsche erf\u00fcllen und nichts vermissen wollen.<\/p>","protected":false},"excerpt":{"rendered":"<p>13. August 2012 \u2013 Mallorca ist das Synonym f\u00fcr Entspannung, um sich zu verstecken, f\u00fcr Luxus und f\u00fcr Sommer. Jedes Jahr kommen Millionen Besucher auf die gr\u00f6\u00dfte Insel der Balearen, damit sie dort \u00a0finden, wonach sie sich im Alltag sehnen. Manche von ihnen sind so angetan, dass sie sich entscheiden zu bleiben, sei es immer [&hellip;]<\/p>\n","protected":false},"author":1,"featured_media":0,"comment_status":"closed","ping_status":"open","sticky":false,"template":"","format":"standard","meta":{"_acf_changed":false,"_joinchat":[],"footnotes":""},"categories":[1],"tags":[],"class_list":["post-6089","post","type-post","status-publish","format-standard","hentry","category-sin-categoria"],"acf":[],"aioseo_notices":[],"_links":{"self":[{"href":"https:\/\/mallorcarealtors.com\/de\/wp-json\/wp\/v2\/posts\/6089","targetHints":{"allow":["GET"]}}],"collection":[{"href":"https:\/\/mallorcarealtors.com\/de\/wp-json\/wp\/v2\/posts"}],"about":[{"href":"https:\/\/mallorcarealtors.com\/de\/wp-json\/wp\/v2\/types\/post"}],"author":[{"embeddable":true,"href":"https:\/\/mallorcarealtors.com\/de\/wp-json\/wp\/v2\/users\/1"}],"replies":[{"embeddable":true,"href":"https:\/\/mallorcarealtors.com\/de\/wp-json\/wp\/v2\/comments?post=6089"}],"version-history":[{"count":0,"href":"https:\/\/mallorcarealtors.com\/de\/wp-json\/wp\/v2\/posts\/6089\/revisions"}],"wp:attachment":[{"href":"https:\/\/mallorcarealtors.com\/de\/wp-json\/wp\/v2\/media?parent=6089"}],"wp:term":[{"taxonomy":"category","embeddable":true,"href":"https:\/\/mallorcarealtors.com\/de\/wp-json\/wp\/v2\/categories?post=6089"},{"taxonomy":"post_tag","embeddable":true,"href":"https:\/\/mallorcarealtors.com\/de\/wp-json\/wp\/v2\/tags?post=6089"}],"curies":[{"name":"wp","href":"https:\/\/api.w.org\/{rel}","templated":true}]}}