{"id":5994,"date":"2012-07-09T20:00:08","date_gmt":"2012-07-09T19:00:08","guid":{"rendered":"http:\/\/www.mallorcarealtors.com\/?p=5994"},"modified":"2012-07-09T20:00:08","modified_gmt":"2012-07-09T19:00:08","slug":"enjoy-the-kings-sailing-cup-regatta-in-majorca","status":"publish","type":"post","link":"https:\/\/mallorcarealtors.com\/de\/enjoy-the-kings-sailing-cup-regatta-in-majorca\/","title":{"rendered":"Enjoy the King\u00b4s Sailing Cup Regatta in Majorca"},"content":{"rendered":"<p><strong><a href=\"https:\/\/mallorcarealtors.com\/wp-content\/uploads\/regata-copa-del-rey-mallorca-realtors-exclusive-properties.jpg\" data-rel=\"lightbox-image-0\" data-rl_title=\"\" data-rl_caption=\"\"><img loading=\"lazy\" decoding=\"async\" class=\"alignleft size-thumbnail wp-image-5997\" title=\"\" src=\"https:\/\/mallorcarealtors.com\/wp-content\/uploads\/regata-copa-del-rey-mallorca-realtors-exclusive-properties-150x150.jpg\" alt=\"Regata Copa del Rey en Mallorca 2012\" width=\"150\" height=\"150\" \/><\/a>9. Juli 2012. <\/strong>Alle Jahre wieder gibt es auf der Insel <strong>Mallorca<\/strong> die k\u00f6nigliche Segelregatta \u201eCopa del Rey de vela\u201c, die als einer der sch\u00f6nsten Sommer-Events gehandelt wird. Vom 16. bis zum 21. Juli mausert sich die Baleareninsel zum internationalen Wassersport-Zentrum und steht im Rampenlicht interessierter Sportlerinnen und Sportler, Unternehmer und weiterer G\u00e4ste, die jeden Tag im k\u00f6niglichen Yachtclub \u201eReal Club Nautico\u201c in der Inselhauptstadt Palma dabei sein werden.<\/p>\n<p>Die diesj\u00e4hrige 31. Ausgabe der Regatta ist, zur Vermeidung von Termin\u00fcberschneidungen mit den olympischen Spielen in London, 15 Tage vorverlegt worden. Doch soll dies die Bedeutung des Events nicht tr\u00fcben, denn auch 2012 gibt es in dieser einen Regattawoche alle Sch\u00f6nheiten und Angebote zu genie\u00dfen, die eine Insel wie Mallorca bieten kann.<\/p>\n<p>National und international bekannte Pers\u00f6nlichkeiten, alle kommen, um die exklusiven Angebote der mediterranen Insel f\u00fcr Freizeit und Am\u00fcsement zu erleben. Der erste Schritt zum Eintauchen in die zauberhafte Inselwelt ist das Finden eines <strong>luxuri\u00f6sen Wohnsitzes<\/strong> auf Mallorca.<\/p>\n<p>Die \u201e<strong>Copa del Rey<\/strong>\u201c ist eigentlich nur eine Entschuldigung, warum Sie nach Mallorca reisen, denn Sie w\u00e4ren sowieso gekommen, um sich in diese traumhafte Insel zu verlieben und ihrem Charme zu erliegen.<\/p>","protected":false},"excerpt":{"rendered":"<p>9. Juli 2012. Alle Jahre wieder gibt es auf der Insel Mallorca die k\u00f6nigliche Segelregatta \u201eCopa del Rey de vela\u201c, die als einer der sch\u00f6nsten Sommer-Events gehandelt wird. Vom 16. bis zum 21. Juli mausert sich die Baleareninsel zum internationalen Wassersport-Zentrum und steht im Rampenlicht interessierter Sportlerinnen und Sportler, Unternehmer und weiterer G\u00e4ste, die jeden [&hellip;]<\/p>\n","protected":false},"author":1,"featured_media":0,"comment_status":"closed","ping_status":"open","sticky":false,"template":"","format":"standard","meta":{"_acf_changed":false,"_joinchat":[],"footnotes":""},"categories":[1],"tags":[],"class_list":["post-5994","post","type-post","status-publish","format-standard","hentry","category-sin-categoria"],"acf":[],"aioseo_notices":[],"_links":{"self":[{"href":"https:\/\/mallorcarealtors.com\/de\/wp-json\/wp\/v2\/posts\/5994","targetHints":{"allow":["GET"]}}],"collection":[{"href":"https:\/\/mallorcarealtors.com\/de\/wp-json\/wp\/v2\/posts"}],"about":[{"href":"https:\/\/mallorcarealtors.com\/de\/wp-json\/wp\/v2\/types\/post"}],"author":[{"embeddable":true,"href":"https:\/\/mallorcarealtors.com\/de\/wp-json\/wp\/v2\/users\/1"}],"replies":[{"embeddable":true,"href":"https:\/\/mallorcarealtors.com\/de\/wp-json\/wp\/v2\/comments?post=5994"}],"version-history":[{"count":0,"href":"https:\/\/mallorcarealtors.com\/de\/wp-json\/wp\/v2\/posts\/5994\/revisions"}],"wp:attachment":[{"href":"https:\/\/mallorcarealtors.com\/de\/wp-json\/wp\/v2\/media?parent=5994"}],"wp:term":[{"taxonomy":"category","embeddable":true,"href":"https:\/\/mallorcarealtors.com\/de\/wp-json\/wp\/v2\/categories?post=5994"},{"taxonomy":"post_tag","embeddable":true,"href":"https:\/\/mallorcarealtors.com\/de\/wp-json\/wp\/v2\/tags?post=5994"}],"curies":[{"name":"wp","href":"https:\/\/api.w.org\/{rel}","templated":true}]}}